{"id":4766,"date":"2024-12-03T09:52:00","date_gmt":"2024-12-03T08:52:00","guid":{"rendered":"https:\/\/unionpourlavienne.fr\/Union_Vienne_2016\/wordpress\/?p=4766"},"modified":"2024-12-18T09:59:03","modified_gmt":"2024-12-18T08:59:03","slug":"rencontres-dans-le-canton-de-chatellerault-1-2","status":"publish","type":"post","link":"https:\/\/unionpourlavienne.fr\/Union_Vienne_2016\/wordpress\/rencontres-dans-le-canton-de-chatellerault-1-2\/","title":{"rendered":"Rencontres dans le canton de Ch\u00e2tellerault-1"},"content":{"rendered":"\n<p><em>Alain PICHON,  Pr\u00e9sident du D\u00e9partement de la Vienne,<\/em><em> accompagn\u00e9 d\u2019Anne-Florence BOURAT et  Henri COLIN, Conseillers D\u00e9partementaux du canton de Ch\u00e2tellerault-1, ont visit\u00e9  le lieu de vie CEFORD  \u00e0 Naintr\u00e9, puis \u00e9chang\u00e9 avec les agents du Centre d&rsquo;exploitation des  routes de Lenclo\u00eetre avant de rencontrer les dirigeants de la Soci\u00e9t\u00e9  Sonimat \u00e0 Lenclo\u00eetre.<\/em><\/p>\n\n\n\n<p class=\"has-luminous-vivid-orange-color has-text-color\"><strong>Centre \u00c9ducatif et de Formation  D\u00e9partemental \u00e0 Naintr\u00e9<\/strong><\/p>\n\n\n\n<figure class=\"wp-block-image aligncenter size-full\"><img loading=\"lazy\" width=\"700\" height=\"525\" src=\"https:\/\/unionpourlavienne.fr\/Union_Vienne_2016\/wordpress\/wp-content\/uploads\/2024\/12\/naintre.jpg\" alt=\"\" class=\"wp-image-4767\" srcset=\"https:\/\/unionpourlavienne.fr\/Union_Vienne_2016\/wordpress\/wp-content\/uploads\/2024\/12\/naintre.jpg 700w, https:\/\/unionpourlavienne.fr\/Union_Vienne_2016\/wordpress\/wp-content\/uploads\/2024\/12\/naintre-300x225.jpg 300w\" sizes=\"(max-width: 700px) 100vw, 700px\" \/><\/figure>\n\n\n\n<p>Cr\u00e9\u00e9 en 1990, le lieu de vie  est aujourd&rsquo;hui g\u00e9r\u00e9 par l&rsquo;ADSEA 86 (Association D\u00e9partementale pour la  Sauvegarde de l&rsquo;Enfance \u00e0 l&rsquo;Adulte), propri\u00e9taire de l\u2019infrastructure depuis  2007.<\/p>\n\n\n\n<p> <strong>La structure est habilit\u00e9e pour  accueillir jusqu&rsquo;\u00e0 44 jeunes de 14 \u00e0 18 ans, avec une prolongation jeune majeur  jusqu\u2019\u00e0 21 ans :<\/strong><\/p>\n\n\n\n<ul><li><strong>40 places sont autoris\u00e9es conjointement par le D\u00e9partement de la Vienne et l\u2019\u00c9tat au titre de la  Protection Judiciaire de la Jeunesse <\/strong>(PJJ) soit 33 places pour des  jeunes relevant de l\u2019Aide Sociale \u00e0 l\u2019Enfance et 7 places pour des jeunes  relevant de la PJJ d\u2019au moins 14 ans<\/li><li><strong>4 places d\u2019ITEP (Institut  Th\u00e9rapeutique, \u00c9ducatif et P\u00e9dagogique) autoris\u00e9es par l\u2019Agence R\u00e9gionale  de Sant\u00e9.<\/strong><\/li><\/ul>\n\n\n\n<p>Le lieu de vie accueille en moyenne 29 jeunes confi\u00e9s  par l\u2019Aide Sociale  \u00e0 l\u2019Enfance dont 9 Mineurs  Non Accompagn\u00e9s.<\/p>\n\n\n\n<p> Il  s&rsquo;agit d&rsquo;une Maison d&rsquo;Enfants \u00e0 Caract\u00e8re Social (MECS) qui <strong>assure une \u00e9ducation adapt\u00e9e et un  accompagnement social ou m\u00e9dico-social aux mineurs pr\u00e9sentant des difficult\u00e9s d&rsquo;adaptation ou des troubles du comportement. <\/strong>Pour cela <strong>elle dispose d\u2019une \u00e9quipe  pluridisciplinaire de 15 personnes <\/strong>r\u00e9partie au sein d&rsquo;un service \u00e9ducatif  regroupant des ateliers m\u00e9tiers (m\u00e9tier de bouche, m\u00e9canique et bois, b\u00e2timent  \u00e9ducation physique et sportive, paysage et environnement), un service sant\u00e9  avec un p\u00e9dopsychiatre et un psychologue et une \u00e9cole publique int\u00e9gr\u00e9e. <strong>Le CEFORD propose \u00e9galement un service de  transport pour aller chercher les jeunes \u00e0 leur domicile.<\/strong><\/p>\n\n\n\n<p>L\u2019objectif est de r\u00e9pondre aux besoins sp\u00e9cifiques de chaque adolescent  pour permettre une insertion professionnelle,  une int\u00e9gration sociale  et r\u00e9int\u00e9gration scolaire. L\u2019accompagnement peut se poursuivre  jusqu\u2019au domicile afin de conforter la prise en charge.<\/p>\n\n\n\n<p> <strong>Le budget annuel 2024 pour l\u2019accueil de 40 jeunes est de 888  500\u20ac.<\/strong><\/p>\n\n\n\n<p class=\"has-luminous-vivid-orange-color has-text-color\"><strong>Centre d&rsquo;exploitation des routes d\u00e9partementales \u00e0 Lenclo\u00eetre<\/strong><\/p>\n\n\n\n<figure class=\"wp-block-image aligncenter size-full\"><img loading=\"lazy\" width=\"700\" height=\"525\" src=\"https:\/\/unionpourlavienne.fr\/Union_Vienne_2016\/wordpress\/wp-content\/uploads\/2024\/12\/route.jpg\" alt=\"\" class=\"wp-image-4768\" srcset=\"https:\/\/unionpourlavienne.fr\/Union_Vienne_2016\/wordpress\/wp-content\/uploads\/2024\/12\/route.jpg 700w, https:\/\/unionpourlavienne.fr\/Union_Vienne_2016\/wordpress\/wp-content\/uploads\/2024\/12\/route-300x225.jpg 300w\" sizes=\"(max-width: 700px) 100vw, 700px\" \/><\/figure>\n\n\n\n<p>Le D\u00e9partement  de la Vienne compte 5 subdivisions et 21 centres d&rsquo;exploitation r\u00e9partis sur  tout le territoire pour assurer la surveillance et la s\u00e9curit\u00e9 des usagers sur  le r\u00e9seau routier d\u00e9partemental.<\/p>\n\n\n\n<p><strong>Le centre d\u2019exploitation de Lenclo\u00eetre est compos\u00e9 de 5 agents  d\u2019exploitation, d\u2019un chef de centre et d\u2019un technicien chef de secteur <\/strong>(Ch\u00e2tellerault\/Lenclo\u00eetre\/Saint-Gervais-les-Trois-Clochers).  Ils sont charg\u00e9s de l&rsquo;entretien et l&rsquo;exploitation de 144km de routes  d\u00e9partementales.<\/p>\n\n\n\n<p>Ils sont mobilis\u00e9s <strong>pour intervenir sur des missions de mise en  s\u00e9curit\u00e9 suite \u00e0 des accidents et des \u00e9v\u00e8nements climatiques <\/strong>(inondations, temp\u00eates) <strong>ou autres manifestations impactant  la circulation (gr\u00e8ves, manifestations sportives) qui n\u00e9cessitent des interventions pour d\u00e9gager  la chauss\u00e9e ou la mise en place de d\u00e9viations. <\/strong>Ils assurent une  surveillance du r\u00e9seau routier d\u00e9partemental (patrouillage p\u00e9riodique) afin de <strong>hi\u00e9rarchiser les interventions \u00e0 programmer <\/strong>(urgence, \u00e0 court ou moyen terme).<\/p>\n\n\n\n<p><strong>Du 6 d\u00e9cembre au 28 f\u00e9vrier 2025, les agents vont assurer le  patrouillage des routes d\u00e9partementales d\u00e8s 4h du matin pour intervenir  rapidement lors d&rsquo;intemp\u00e9ries hivernales.<\/strong><\/p>\n\n\n\n<p class=\"has-luminous-vivid-orange-color has-text-color\"><strong>Sonimat \u00e0 Lenclo\u00eetre<\/strong><\/p>\n\n\n\n<figure class=\"wp-block-image aligncenter size-full\"><img loading=\"lazy\" width=\"700\" height=\"525\" src=\"https:\/\/unionpourlavienne.fr\/Union_Vienne_2016\/wordpress\/wp-content\/uploads\/2024\/12\/lencloitrte.jpg\" alt=\"\" class=\"wp-image-4769\" srcset=\"https:\/\/unionpourlavienne.fr\/Union_Vienne_2016\/wordpress\/wp-content\/uploads\/2024\/12\/lencloitrte.jpg 700w, https:\/\/unionpourlavienne.fr\/Union_Vienne_2016\/wordpress\/wp-content\/uploads\/2024\/12\/lencloitrte-300x225.jpg 300w\" sizes=\"(max-width: 700px) 100vw, 700px\" \/><\/figure>\n\n\n\n<p><strong>Cr\u00e9\u00e9e en 1993 par Luc Hachette, la soci\u00e9t\u00e9 fabrique  du mat\u00e9riel ultrasons, et propose notamment des solutions d\u2019assemblage, de  soudure, de d\u00e9coupe et de tranchage. <\/strong>L\u2019entreprise ma\u00eetrise \u00e9galement les technologies d\u2019assemblage par lame chaude\/soudure miroir, soudure infrarouge, soudure par rotation et laser. <strong>Elle emploie aujourd&rsquo;hui 70 salari\u00e9s. Install\u00e9e sur 3 sites  (Lenclo\u00eetre, Valserh\u00f4ne, Carquefou), l&rsquo;entreprise r\u00e9alise 35% de son chiffre  d&rsquo;affaires pour l&rsquo;exportation.<\/strong><\/p>\n\n\n\n<p><strong>En 2004, l\u2019entreprise se d\u00e9veloppe \u00e0 l\u2019international et int\u00e8gre le  groupe Europe Technologies. <\/strong>A partir de 2005<strong>, elle acc\u00e9l\u00e8re son d\u00e9veloppement dans le  secteur de l\u2019a\u00e9ronautique <\/strong>avec des outillages et machines pour la soudure  et d\u00e9coupe composite.<\/p>\n\n\n\n<p>C\u2019est en 2011, que l\u2019antenne  Sonimat ouvre ses portes dans l\u2019Ain, sp\u00e9cialis\u00e9e dans la soudure  thermoplastique \u00e0 technologie lame chaude, infrarouge, laser, rotation et  ultrasons. Puis en 2016, la soci\u00e9t\u00e9 ouvre un b\u00e2timent neuf \u00e0 Valserh\u00f4ne en  raison d\u2019une forte croissance de l\u2019activit\u00e9 soudure plastique automobile. Sur ce march\u00e9 concurrentiel, <strong>Sonimat consacre  10% de son chiffre d\u2019affaires \u00e0 la recherche et au d\u00e9veloppement de nouvelles technologies. En 2021, le site de Lenclo\u00eetre int\u00e8gre la production en s\u00e9rie de chariot  de soudure m\u00e9tallique Servisoud (soci\u00e9t\u00e9 s\u0153ur du Groupe)  pour le domaine de la d\u00e9fense et du naval.<\/strong><\/p>\n","protected":false},"excerpt":{"rendered":"<p>Alain PICHON, accompagn\u00e9 d\u2019Anne-Florence BOURAT et  Henri COLIN ont visit\u00e9  le lieu de vie CEFORD  \u00e0 Naintr\u00e9, puis \u00e9chang\u00e9 avec les agents du Centre d&rsquo;exploitation des  routes de Lenclo\u00eetre avant de rencontrer les dirigeants de la Soci\u00e9t\u00e9  Sonimat \u00e0 Lenclo\u00eetre&#8230;<\/p>\n","protected":false},"author":1,"featured_media":4770,"comment_status":"closed","ping_status":"open","sticky":false,"template":"","format":"standard","meta":[],"categories":[1],"tags":[14,15,26],"_links":{"self":[{"href":"https:\/\/unionpourlavienne.fr\/Union_Vienne_2016\/wordpress\/wp-json\/wp\/v2\/posts\/4766"}],"collection":[{"href":"https:\/\/unionpourlavienne.fr\/Union_Vienne_2016\/wordpress\/wp-json\/wp\/v2\/posts"}],"about":[{"href":"https:\/\/unionpourlavienne.fr\/Union_Vienne_2016\/wordpress\/wp-json\/wp\/v2\/types\/post"}],"author":[{"embeddable":true,"href":"https:\/\/unionpourlavienne.fr\/Union_Vienne_2016\/wordpress\/wp-json\/wp\/v2\/users\/1"}],"replies":[{"embeddable":true,"href":"https:\/\/unionpourlavienne.fr\/Union_Vienne_2016\/wordpress\/wp-json\/wp\/v2\/comments?post=4766"}],"version-history":[{"count":1,"href":"https:\/\/unionpourlavienne.fr\/Union_Vienne_2016\/wordpress\/wp-json\/wp\/v2\/posts\/4766\/revisions"}],"predecessor-version":[{"id":4771,"href":"https:\/\/unionpourlavienne.fr\/Union_Vienne_2016\/wordpress\/wp-json\/wp\/v2\/posts\/4766\/revisions\/4771"}],"wp:featuredmedia":[{"embeddable":true,"href":"https:\/\/unionpourlavienne.fr\/Union_Vienne_2016\/wordpress\/wp-json\/wp\/v2\/media\/4770"}],"wp:attachment":[{"href":"https:\/\/unionpourlavienne.fr\/Union_Vienne_2016\/wordpress\/wp-json\/wp\/v2\/media?parent=4766"}],"wp:term":[{"taxonomy":"category","embeddable":true,"href":"https:\/\/unionpourlavienne.fr\/Union_Vienne_2016\/wordpress\/wp-json\/wp\/v2\/categories?post=4766"},{"taxonomy":"post_tag","embeddable":true,"href":"https:\/\/unionpourlavienne.fr\/Union_Vienne_2016\/wordpress\/wp-json\/wp\/v2\/tags?post=4766"}],"curies":[{"name":"wp","href":"https:\/\/api.w.org\/{rel}","templated":true}]}}