{"id":4955,"date":"2025-10-13T08:55:22","date_gmt":"2025-10-13T07:55:22","guid":{"rendered":"https:\/\/unionpourlavienne.fr\/Union_Vienne_2016\/wordpress\/?p=4955"},"modified":"2025-10-13T08:56:07","modified_gmt":"2025-10-13T07:56:07","slug":"la-caravane-des-sports-du-departement-revient-du-20-au-24-octobre-pour-les-vacances-scolaires","status":"publish","type":"post","link":"https:\/\/unionpourlavienne.fr\/Union_Vienne_2016\/wordpress\/la-caravane-des-sports-du-departement-revient-du-20-au-24-octobre-pour-les-vacances-scolaires\/","title":{"rendered":"La Caravane des Sports du D\u00e9partement revient du 20 au 24 octobre pour les vacances scolaires"},"content":{"rendered":"\n<p>Depuis plus  de 20 ans, \u00e0 l\u2019initiative du D\u00e9partement de la Vienne,  la Caravane des Sports parcourt la Vienne pour proposer  gratuitement aux enfants,  \u00e0 partir de 8 ans, de d\u00e9couvrir et pratiquer des disciplines sportives pendant les  vacances scolaires. <strong>La Caravane des  Sports propose des animations pendant les  vacances scolaires de la Toussaint du 20 au 24 octobre de 10h30 \u00e0 12h30 et de 14h \u00e0 16h.<\/strong><\/p>\n\n\n\n<p>A l\u2019occasion de cette semaine  sportive, plusieurs sports seront propos\u00e9s aux enfants : badminton, basket 3&#215;3,  secourisme, sports paralympiques, escrime et tir sportif.<\/p>\n\n\n\n<p> Les communes de Chasseneuil-du-Poitou, Chauvigny, Quin\u00e7ay,  Saint-Gervais-les-Trois-Clochers et L\u2019Isle-Jourdain accueilleront les cinq \u00e9tapes de cette Caravane  des sports automnale  :<\/p>\n\n\n\n<ul><li><strong>Lundi 20 octobre : Chasseneuil-du-Poitou &#8211; Gymnase des <\/strong><strong>Ecluzelles<\/strong><strong> <\/strong><\/li><li><strong>Mardi 21 octobre : Chauvigny &#8211; Gymnase Jean Lathus <\/strong><\/li><li><strong>Mercredi 22 octobre  : Quin\u00e7ay &#8211; Gymnase<\/strong><strong> <\/strong><\/li><li><strong>Jeudi 23 octobre : Saint-Gervais-les-Trois-Clochers &#8211; Gymnase<\/strong><\/li><li><strong>Vendredi 24 octobre  : L&rsquo;Isle-Jourdain<\/strong><strong> <\/strong><strong>&#8211; Gymnase, all\u00e9e de la<\/strong><strong> <\/strong><strong>Closeraie<\/strong><strong> <\/strong><\/li><\/ul>\n\n\n\n<p class=\"has-luminous-vivid-orange-color has-text-color\"><strong>INFOS<\/strong><strong> PRATIQUES<\/strong><strong> <\/strong><\/p>\n\n\n\n<p><strong>Animations pour les enfants  \u00e0 partir de 8 ans, de 10h30  \u00e0 12h30 et de 14h \u00e0 16h Inscriptions gratuites sur place de  10h \u00e0 10h30 et de 13h30 \u00e0 14h<\/strong><strong> <\/strong>\nInscription des  groupes obligatoire au 05 49 50 28 70. Effectif limit\u00e9 \u00e0 60 jeunes par  demi-journ\u00e9e. Les enfants sont sous la responsabilit\u00e9 de leurs parents.<\/p>\n","protected":false},"excerpt":{"rendered":"<p>&#8230;<\/p>\n","protected":false},"author":1,"featured_media":4727,"comment_status":"closed","ping_status":"open","sticky":false,"template":"","format":"standard","meta":[],"categories":[59,65],"tags":[],"_links":{"self":[{"href":"https:\/\/unionpourlavienne.fr\/Union_Vienne_2016\/wordpress\/wp-json\/wp\/v2\/posts\/4955"}],"collection":[{"href":"https:\/\/unionpourlavienne.fr\/Union_Vienne_2016\/wordpress\/wp-json\/wp\/v2\/posts"}],"about":[{"href":"https:\/\/unionpourlavienne.fr\/Union_Vienne_2016\/wordpress\/wp-json\/wp\/v2\/types\/post"}],"author":[{"embeddable":true,"href":"https:\/\/unionpourlavienne.fr\/Union_Vienne_2016\/wordpress\/wp-json\/wp\/v2\/users\/1"}],"replies":[{"embeddable":true,"href":"https:\/\/unionpourlavienne.fr\/Union_Vienne_2016\/wordpress\/wp-json\/wp\/v2\/comments?post=4955"}],"version-history":[{"count":2,"href":"https:\/\/unionpourlavienne.fr\/Union_Vienne_2016\/wordpress\/wp-json\/wp\/v2\/posts\/4955\/revisions"}],"predecessor-version":[{"id":4957,"href":"https:\/\/unionpourlavienne.fr\/Union_Vienne_2016\/wordpress\/wp-json\/wp\/v2\/posts\/4955\/revisions\/4957"}],"wp:featuredmedia":[{"embeddable":true,"href":"https:\/\/unionpourlavienne.fr\/Union_Vienne_2016\/wordpress\/wp-json\/wp\/v2\/media\/4727"}],"wp:attachment":[{"href":"https:\/\/unionpourlavienne.fr\/Union_Vienne_2016\/wordpress\/wp-json\/wp\/v2\/media?parent=4955"}],"wp:term":[{"taxonomy":"category","embeddable":true,"href":"https:\/\/unionpourlavienne.fr\/Union_Vienne_2016\/wordpress\/wp-json\/wp\/v2\/categories?post=4955"},{"taxonomy":"post_tag","embeddable":true,"href":"https:\/\/unionpourlavienne.fr\/Union_Vienne_2016\/wordpress\/wp-json\/wp\/v2\/tags?post=4955"}],"curies":[{"name":"wp","href":"https:\/\/api.w.org\/{rel}","templated":true}]}}