{"id":715,"date":"2015-05-07T10:11:37","date_gmt":"2015-05-07T09:11:37","guid":{"rendered":"http:\/\/unionpourlavienne.fr\/Union_Vienne_2016\/wordpress\/?p=715"},"modified":"2017-04-07T15:03:38","modified_gmt":"2017-04-07T14:03:38","slug":"les-subventions-pour-le-canton-de-chatellerault-2","status":"publish","type":"post","link":"https:\/\/unionpourlavienne.fr\/Union_Vienne_2016\/wordpress\/les-subventions-pour-le-canton-de-chatellerault-2\/","title":{"rendered":"Les subventions pour le canton de Ch\u00e2tellerault-2"},"content":{"rendered":"<p>Val\u00e9rie DAUGE, Premi\u00e8re Vice-pr\u00e9sidente du Conseil D\u00e9partemental, et Alain PICHON, Vice-pr\u00e9sident, informent les habitants que les subventions accord\u00e9es par le Conseil D\u00e9partemental au b\u00e9n\u00e9fice des communes, associations et particuliers du canton Ch\u00e2tellerault 2 lors de la session de Mai 2015 se d\u00e9composent de la mani\u00e8re suivante :<br \/>\n\u2022 400\u20ac pour le spectacle \u00ab Pirouettes et Balivernes \u00bb pr\u00e9sent\u00e9 par \u00ab T\u00eate de Linotte \u00bb le 7 novembre 2015 \u00e0 Antran ;<br \/>\n\u2022 420\u20ac pour le spectacle \u00ab Le Petit Prince \u00bb pr\u00e9sent\u00e9 par le \u00ab Th\u00e9\u00e2tre Avant-Quart \u00bb le 9 mai 2015 \u00e0 Leign\u00e9-sur-Usseau ;<br \/>\n\u2022 450\u20ac pour le spectacle \u00ab Sur les traces de Peluchon \u00bb pr\u00e9sent\u00e9 par \u00ab Glob-Trott \u00bb le 21 novembre 2015 \u00e0 Saint-Gervais-Les-Trois-Clochers ;<br \/>\n\u2022 532\u20ac pour le spectacle \u00ab Bascule\/La grenouille \u00e0 grande bouche \u00bb pr\u00e9sent\u00e9 par \u00ab Les Ailes de Mademoiselle \u00bb le 30 mai 2015 \u00e0 Vaux-sur-Vienne et \u00e0 Leign\u00e9-sur-Usseau ;<br \/>\n\u2022 800\u20ac pour quatre aides du Programme \u00ab Habiter Mieux \u00bb \u00e0 Ingrandes, les Ormes et Dang\u00e9 Saint Romain ;<br \/>\n\u2022 840\u20ac pour le spectacle \u00ab Circo Pirulo \u00bb pr\u00e9sent\u00e9 par \u00ab La Sensible \u00bb le 23 mai 2015 \u00e0 Leugny ;<br \/>\n\u2022 1 250\u20ac pour le spectacle \u00ab Le Cri du Chapeau \u00bb pr\u00e9sent\u00e9 par la \u00ab Fanfare Chap&rsquo;de Lune \u00bb le 20 ao\u00fbt 2015 \u00e0 Ingrandes-sur-Vienne ;<br \/>\n\u2022 1 500\u20ac pour cinq subventions Internet Wimax sur les communes des Ormes, Savigny-sous-Faye, Usseau et Velleches ;<br \/>\n\u2022 2 446\u20ac pour quatre aides du Programme \u00ab Propri\u00e9taire Occupant Retrait\u00e9 \u00bb \u00e0 Ingrandes, Les Ormes et Port de Piles ;<br \/>\n\u2022 10 590\u20ac pour l\u2019am\u00e9nagement de la place Ren\u00e9 Monory et du parking Rue de Saint Romain \u00e0 Dang\u00e9 Saint Romain.<\/p>\n","protected":false},"excerpt":{"rendered":"<p>Val\u00e9rie DAUGE, Premi\u00e8re Vice-pr\u00e9sidente du Conseil D\u00e9partemental, et Alain PICHON, Vice-pr\u00e9sident, informent les habitants que les subventions accord\u00e9es par le<\/p>\n","protected":false},"author":1,"featured_media":0,"comment_status":"closed","ping_status":"open","sticky":false,"template":"","format":"standard","meta":[],"categories":[86,92],"tags":[14,40],"_links":{"self":[{"href":"https:\/\/unionpourlavienne.fr\/Union_Vienne_2016\/wordpress\/wp-json\/wp\/v2\/posts\/715"}],"collection":[{"href":"https:\/\/unionpourlavienne.fr\/Union_Vienne_2016\/wordpress\/wp-json\/wp\/v2\/posts"}],"about":[{"href":"https:\/\/unionpourlavienne.fr\/Union_Vienne_2016\/wordpress\/wp-json\/wp\/v2\/types\/post"}],"author":[{"embeddable":true,"href":"https:\/\/unionpourlavienne.fr\/Union_Vienne_2016\/wordpress\/wp-json\/wp\/v2\/users\/1"}],"replies":[{"embeddable":true,"href":"https:\/\/unionpourlavienne.fr\/Union_Vienne_2016\/wordpress\/wp-json\/wp\/v2\/comments?post=715"}],"version-history":[{"count":1,"href":"https:\/\/unionpourlavienne.fr\/Union_Vienne_2016\/wordpress\/wp-json\/wp\/v2\/posts\/715\/revisions"}],"predecessor-version":[{"id":716,"href":"https:\/\/unionpourlavienne.fr\/Union_Vienne_2016\/wordpress\/wp-json\/wp\/v2\/posts\/715\/revisions\/716"}],"wp:attachment":[{"href":"https:\/\/unionpourlavienne.fr\/Union_Vienne_2016\/wordpress\/wp-json\/wp\/v2\/media?parent=715"}],"wp:term":[{"taxonomy":"category","embeddable":true,"href":"https:\/\/unionpourlavienne.fr\/Union_Vienne_2016\/wordpress\/wp-json\/wp\/v2\/categories?post=715"},{"taxonomy":"post_tag","embeddable":true,"href":"https:\/\/unionpourlavienne.fr\/Union_Vienne_2016\/wordpress\/wp-json\/wp\/v2\/tags?post=715"}],"curies":[{"name":"wp","href":"https:\/\/api.w.org\/{rel}","templated":true}]}}