{"id":721,"date":"2015-05-07T10:29:20","date_gmt":"2015-05-07T09:29:20","guid":{"rendered":"http:\/\/unionpourlavienne.fr\/Union_Vienne_2016\/wordpress\/?p=721"},"modified":"2017-04-07T15:03:38","modified_gmt":"2017-04-07T14:03:38","slug":"les-subventions-pour-le-canton-de-chauvigny-2","status":"publish","type":"post","link":"https:\/\/unionpourlavienne.fr\/Union_Vienne_2016\/wordpress\/les-subventions-pour-le-canton-de-chauvigny-2\/","title":{"rendered":"Les subventions pour le canton de Chauvigny"},"content":{"rendered":"<p>Alain FOUCHE et Isabelle BARREAU, Conseillers D\u00e9partementaux du Canton de Chauvigny, informent les habitants que les cr\u00e9dits et subventions accord\u00e9s par le Conseil D\u00e9partemental au b\u00e9n\u00e9fice des Communes, des associations et des particuliers du canton de Chauvigny lors de la session de mai 2015 se d\u00e9composent de la mani\u00e8re suivante :<\/p>\n<p>\u2022 2 550 \u20ac d\u2019aide \u00e0 l\u2019am\u00e9lioration de l\u2019habitat \u00e0 des habitants de Chauvigny et Fleix<br \/>\n\u2022 770 \u20ac d\u2019aide \u00e0 la mise aux normes de l\u2019assainissement individuel \u00e0 un habitant de Monthoiron<br \/>\n\u2022 600 \u20ac d\u2019aide \u00e0 l\u2019installation d\u2019un acc\u00e8s internet haut d\u00e9bit par satellite ou Wimax pour des habitants de Chauvigny et Vouneuil sur Vienne<br \/>\n\u2022 160 \u20ac \u00e0 une famille de Valdivienne pour prise en charge des frais de transport pour les enfants scolaris\u00e9s hors d\u00e9partement<br \/>\n\u2022 15 694 \u20ac \u00e0 la mairie de Paizay le Sec pour des travaux d\u2019am\u00e9nagement et de r\u00e9novation du cimeti\u00e8re (mur d\u2019enceinte, jardin du souvenir, chemin pi\u00e9tonnier et handicap\u00e9s)<br \/>\n\u2022 988 \u20ac \u00e0 la mairie de Paizay le Sec pour l\u2019am\u00e9nagement de la salle socio-culturelle<br \/>\n\u2022 360 \u20ac au Coll\u00e8ge Camille Gu\u00e9rin de Vouneuil sur Vienne pour l\u2019organisation du spectacle \u00ab l\u2019arbre aux secrets \u00bb<br \/>\n\u2022 8 500 \u20ac au Coll\u00e8ge Camille Gu\u00e9rin de Vouneuil sur Vienne pour des travaux de gros entretien<br \/>\n\u2022 4 500 \u20ac au Coll\u00e8ge G\u00e9rard Philipe de Chauvigny pour des travaux de gros entretien<\/p>\n","protected":false},"excerpt":{"rendered":"<p>Alain FOUCHE et Isabelle BARREAU, Conseillers D\u00e9partementaux du Canton de Chauvigny, informent les habitants que les cr\u00e9dits et subventions accord\u00e9s<\/p>\n","protected":false},"author":1,"featured_media":0,"comment_status":"closed","ping_status":"open","sticky":false,"template":"","format":"standard","meta":[],"categories":[72,92],"tags":[13,27],"_links":{"self":[{"href":"https:\/\/unionpourlavienne.fr\/Union_Vienne_2016\/wordpress\/wp-json\/wp\/v2\/posts\/721"}],"collection":[{"href":"https:\/\/unionpourlavienne.fr\/Union_Vienne_2016\/wordpress\/wp-json\/wp\/v2\/posts"}],"about":[{"href":"https:\/\/unionpourlavienne.fr\/Union_Vienne_2016\/wordpress\/wp-json\/wp\/v2\/types\/post"}],"author":[{"embeddable":true,"href":"https:\/\/unionpourlavienne.fr\/Union_Vienne_2016\/wordpress\/wp-json\/wp\/v2\/users\/1"}],"replies":[{"embeddable":true,"href":"https:\/\/unionpourlavienne.fr\/Union_Vienne_2016\/wordpress\/wp-json\/wp\/v2\/comments?post=721"}],"version-history":[{"count":1,"href":"https:\/\/unionpourlavienne.fr\/Union_Vienne_2016\/wordpress\/wp-json\/wp\/v2\/posts\/721\/revisions"}],"predecessor-version":[{"id":722,"href":"https:\/\/unionpourlavienne.fr\/Union_Vienne_2016\/wordpress\/wp-json\/wp\/v2\/posts\/721\/revisions\/722"}],"wp:attachment":[{"href":"https:\/\/unionpourlavienne.fr\/Union_Vienne_2016\/wordpress\/wp-json\/wp\/v2\/media?parent=721"}],"wp:term":[{"taxonomy":"category","embeddable":true,"href":"https:\/\/unionpourlavienne.fr\/Union_Vienne_2016\/wordpress\/wp-json\/wp\/v2\/categories?post=721"},{"taxonomy":"post_tag","embeddable":true,"href":"https:\/\/unionpourlavienne.fr\/Union_Vienne_2016\/wordpress\/wp-json\/wp\/v2\/tags?post=721"}],"curies":[{"name":"wp","href":"https:\/\/api.w.org\/{rel}","templated":true}]}}