{"id":753,"date":"2015-06-04T10:48:42","date_gmt":"2015-06-04T09:48:42","guid":{"rendered":"http:\/\/unionpourlavienne.fr\/Union_Vienne_2016\/wordpress\/?p=753"},"modified":"2017-04-07T15:03:23","modified_gmt":"2017-04-07T14:03:23","slug":"les-subventions-pour-le-canton-de-chatellerault-2-2","status":"publish","type":"post","link":"https:\/\/unionpourlavienne.fr\/Union_Vienne_2016\/wordpress\/les-subventions-pour-le-canton-de-chatellerault-2-2\/","title":{"rendered":"Les subventions pour le canton de Ch\u00e2tellerault-2"},"content":{"rendered":"<p>Val\u00e9rie DAUGE, Premi\u00e8re Vice-pr\u00e9sidente du Conseil D\u00e9partemental, et Alain PICHON, Vice-pr\u00e9sident, informent les habitants que les subventions accord\u00e9es par le Conseil D\u00e9partemental au b\u00e9n\u00e9fice des communes, associations et particuliers du canton Ch\u00e2tellerault 2 lors de la session de juin 2015 se d\u00e9composent de la mani\u00e8re suivante :<\/p>\n<p>\u2022 40 870 \u20ac au titre de la contribution aux d\u00e9penses de fonctionnement mat\u00e9riel et r\u00e9mun\u00e9ration pour le coll\u00e8ge Saint Pierre de Dang\u00e9 saint Romain ;<br \/>\n\u2022 9 657 \u20ac dans le cadre du Programme d\u2019Aide au D\u00e9veloppement des Communes (PADC) pour la restauration de la toiture de l\u2019\u00e9glise des Ormes;<br \/>\n\u2022 5 700 \u20ac \u00e0 pour l\u2019association \u00ab La Poste aux Chevaux \u00bb, dans le cadre de sa politique culturelle.<br \/>\n\u2022 19 335 \u20ac dans le cadre du PADC \u00e0 la mairie d\u2019Orches pour des travaux d\u2019\u00e9clairage public et des lignes de t\u00e9l\u00e9communications ;<br \/>\n\u2022 17 000 \u20ac \u00e0 l\u2019association Jeunesse Musicales de France pour la mise en \u0153uvre d\u2019actions musicales \u00e0 destination des jeunes ;<br \/>\n\u2022 1200 \u20ac pour l\u2019association Caus\u2019ette pour l\u2019organisation des manifestations les mardis au verger ;<br \/>\n\u2022 1000 \u20ac au coll\u00e8ge Bellevue de Dang\u00e9 Saint Romain pour le remplacement de la vanne g\u00e9n\u00e9rale gaz du b\u00e2timent cuisine ;<br \/>\n\u2022 961 \u20ac de subvention de fonctionnement pour l\u2019\u00e9cole de musique Arp\u00e8ge d\u2019Ingrandes<br \/>\n\u2022 840 \u20ac \u00e0 l\u2019association \u00ab les \u00e9coliers Vauxois \u00bb pour le spectacle \u00ab Circo Pirulo \u00bb ;<br \/>\n\u2022 815 \u20ac \u00e0 un habitant du canton pour l\u2019acquisition de parcelles bois\u00e9es sur la commune d\u2019Usseau ;<br \/>\n\u2022 700 \u20ac \u00e0 l\u2019\u00e9cole Alphonse Daudet de Dang\u00e9 saint Romain au titre des classes d\u00e9couvertes ;<br \/>\n\u2022 617 \u20ac de subvention de fonctionnement pour l\u2019Union Musicale de Dang\u00e9 saint Romain ;<br \/>\n\u2022 642 \u20ac \u00e0 un habitant du canton pour l\u2019acquisition de parcelles bois\u00e9es sur la commune de Sossay<br \/>\n\u2022 494 \u20ac \u00e0 un habitant du canton pour l\u2019acquisition de parcelles bois\u00e9es sur la commune de Leign\u00e9 sur Usseau ;<br \/>\n\u2022 386 \u20ac \u00e0 un habitant du canton pour l\u2019acquisition de parcelles bois\u00e9es sur la commune de Savigny sous Faye ;<br \/>\n\u2022 219 \u20ac de subvention de fonctionnement pour l\u2019\u00e9cole Harmonie la Ch\u00e2telleraudaise ;<br \/>\n\u2022 150 \u20ac de subvention de fonctionnement \u00e0 la Chorale entre Vienne et Creuse ;<br \/>\n\u2022 100 \u20ac \u00e0 l\u2019\u00e9cole de Leugny au titre des classes d\u00e9couvertes ;<br \/>\n\u2022 100 \u20ac \u00e0 l\u2019\u00e9cole de Saint R\u00e9my sur Creuse au titre des classes d\u00e9couvertes.<\/p>\n","protected":false},"excerpt":{"rendered":"<p>Val\u00e9rie DAUGE, Premi\u00e8re Vice-pr\u00e9sidente du Conseil D\u00e9partemental, et Alain PICHON, Vice-pr\u00e9sident, informent les habitants que les subventions accord\u00e9es par le<\/p>\n","protected":false},"author":1,"featured_media":0,"comment_status":"closed","ping_status":"open","sticky":false,"template":"","format":"standard","meta":[],"categories":[86,92],"tags":[14,40],"_links":{"self":[{"href":"https:\/\/unionpourlavienne.fr\/Union_Vienne_2016\/wordpress\/wp-json\/wp\/v2\/posts\/753"}],"collection":[{"href":"https:\/\/unionpourlavienne.fr\/Union_Vienne_2016\/wordpress\/wp-json\/wp\/v2\/posts"}],"about":[{"href":"https:\/\/unionpourlavienne.fr\/Union_Vienne_2016\/wordpress\/wp-json\/wp\/v2\/types\/post"}],"author":[{"embeddable":true,"href":"https:\/\/unionpourlavienne.fr\/Union_Vienne_2016\/wordpress\/wp-json\/wp\/v2\/users\/1"}],"replies":[{"embeddable":true,"href":"https:\/\/unionpourlavienne.fr\/Union_Vienne_2016\/wordpress\/wp-json\/wp\/v2\/comments?post=753"}],"version-history":[{"count":1,"href":"https:\/\/unionpourlavienne.fr\/Union_Vienne_2016\/wordpress\/wp-json\/wp\/v2\/posts\/753\/revisions"}],"predecessor-version":[{"id":754,"href":"https:\/\/unionpourlavienne.fr\/Union_Vienne_2016\/wordpress\/wp-json\/wp\/v2\/posts\/753\/revisions\/754"}],"wp:attachment":[{"href":"https:\/\/unionpourlavienne.fr\/Union_Vienne_2016\/wordpress\/wp-json\/wp\/v2\/media?parent=753"}],"wp:term":[{"taxonomy":"category","embeddable":true,"href":"https:\/\/unionpourlavienne.fr\/Union_Vienne_2016\/wordpress\/wp-json\/wp\/v2\/categories?post=753"},{"taxonomy":"post_tag","embeddable":true,"href":"https:\/\/unionpourlavienne.fr\/Union_Vienne_2016\/wordpress\/wp-json\/wp\/v2\/tags?post=753"}],"curies":[{"name":"wp","href":"https:\/\/api.w.org\/{rel}","templated":true}]}}