{"id":757,"date":"2015-06-04T10:52:48","date_gmt":"2015-06-04T09:52:48","guid":{"rendered":"http:\/\/unionpourlavienne.fr\/Union_Vienne_2016\/wordpress\/?p=757"},"modified":"2017-04-07T15:03:23","modified_gmt":"2017-04-07T14:03:23","slug":"les-subventions-pour-le-canton-de-chatellerault-1","status":"publish","type":"post","link":"https:\/\/unionpourlavienne.fr\/Union_Vienne_2016\/wordpress\/les-subventions-pour-le-canton-de-chatellerault-1\/","title":{"rendered":"Les subventions pour le canton de Ch\u00e2tellerault-1"},"content":{"rendered":"<p>Anne-Florence BOURAT, Conseill\u00e8re D\u00e9partementale d\u00e9l\u00e9gu\u00e9e aupr\u00e8s du Pr\u00e9sident charg\u00e9e des Politiques de Sant\u00e9 et Henri COLIN, 2\u00e8me Vice-Pr\u00e9sident du Conseil D\u00e9partemental charg\u00e9 de l\u2019Education, des Coll\u00e8ges, des B\u00e2timents, des Transports et des Relations avec l\u2019Universit\u00e9, vous informent que le Conseil D\u00e9partemental de la Vienne a d\u00e9cid\u00e9, lors de la s\u00e9ance du 4 juin 2015, de r\u00e9aliser les op\u00e9rations et d\u2019accorder les subventions suivantes au b\u00e9n\u00e9fice des communes, habitants et associations du canton :<\/p>\n<p>&#8211; 27 400 \u20ac \u00e0 l\u2019association ACCORD, pour l\u2019organisation de la 22\u00e8me \u00e9dition du Festival Jazzellerault,<br \/>\n&#8211; 650 \u20ac \u00e0 un habitant du canton pour l\u2019aide \u00e0 l\u2019am\u00e9lioration de l\u2019habitat d\u2019une personne retrait\u00e9es en secteur diffus,<br \/>\n&#8211; 500 \u20ac \u00e0 un sportif de haut niveau pour la saison 2014-2015,<br \/>\n&#8211; 1 200 \u20ac \u00e0 la V\u00e9lophile Naintr\u00e9enne pour l\u2019organisation de 3 courses cat\u00e9gories minimes, cadets et Pass Cycliste, le 26 avril 2015 \u00e0 Vouneuil Sur Vienne, l\u2019organisation d\u2019un crit\u00e9rium en semi nocturne, le 24 juin 2015 \u00e0 Naintr\u00e9 et l\u2019organisation du Prix cycliste G\u00e9rard Gauthier, le 8 mai 2015 \u00e0 Vendeuvre du Poitou.<br \/>\n&#8211; 2 900 \u20ac \u00e0 l\u2019association Avenir Cycliste Ch\u00e2telleraudais pour l\u2019organisation de 22\u00e8me \u00e9dition de la cyclosportive \u00ab La Ronde ch\u00e2telleraudaise Souvenir Emile Georget \u00bb, le 14 juin 2015, l\u2019organisation du 15\u00e8me Troph\u00e9e de la Ville de Ch\u00e2tellerault, le 15 mars 2015, l\u2019organisation d\u2019une \u00e9preuve Contre La Montre \u00ab Les Chronos Ch\u00e2telleraudais \u00bb, le 19 septembre 2015 \u00e0 Saint Sauveur et l\u2019organisation du Prix de la municipalit\u00e9 de Cenon Sur Vienne, le 27 juin 2015,<br \/>\n&#8211; 5 500 \u20ac \u00e0 l\u2019association Lenclo\u00eetre Jogging Club 86 pour l\u2019organisation du 26\u00e8me Tour P\u00e9destre de la Vienne, les 3 et 4 octobre 2015,<br \/>\n&#8211; 644 \u20ac \u00e0 un habitant du canton pour l\u2019acquisition de trois parcelles bois\u00e9es,<br \/>\n&#8211; 700 \u20ac \u00e0 l\u2019\u00e9cole \u00e9l\u00e9mentaire de Scorb\u00e9 Clairvaux pour l\u2019organisation d\u2019un s\u00e9jour d\u2019une classe, en classe de neige du 11 au 17 janvier 2015,<br \/>\n&#8211; 1 200 \u20ac pour le fonctionnement 2015 du Centre de Soins de la Faune Sauvage Poitevine,<br \/>\n&#8211; 1 000 \u20ac pour le Groupe Folklorique \u00ab Les Amis du Vieux Poitou \u00bb pour une manifestation exceptionnelle et pour l\u2019organisation du Festival Folklorique fran\u00e7ais, le 11 juillet 2015 \u00e0 Ch\u00e2tellerault<br \/>\n&#8211; 5 000 \u20ac au Th\u00e9\u00e2tre Populaire de Ch\u00e2tellerault pour le soutien aux activit\u00e9s de cr\u00e9ation et de diffusion 2015.<\/p>\n","protected":false},"excerpt":{"rendered":"<p>Anne-Florence BOURAT, Conseill\u00e8re D\u00e9partementale d\u00e9l\u00e9gu\u00e9e aupr\u00e8s du Pr\u00e9sident charg\u00e9e des Politiques de Sant\u00e9 et Henri COLIN, 2\u00e8me Vice-Pr\u00e9sident du Conseil<\/p>\n","protected":false},"author":1,"featured_media":0,"comment_status":"closed","ping_status":"open","sticky":false,"template":"","format":"standard","meta":[],"categories":[87,92],"tags":[15,26],"_links":{"self":[{"href":"https:\/\/unionpourlavienne.fr\/Union_Vienne_2016\/wordpress\/wp-json\/wp\/v2\/posts\/757"}],"collection":[{"href":"https:\/\/unionpourlavienne.fr\/Union_Vienne_2016\/wordpress\/wp-json\/wp\/v2\/posts"}],"about":[{"href":"https:\/\/unionpourlavienne.fr\/Union_Vienne_2016\/wordpress\/wp-json\/wp\/v2\/types\/post"}],"author":[{"embeddable":true,"href":"https:\/\/unionpourlavienne.fr\/Union_Vienne_2016\/wordpress\/wp-json\/wp\/v2\/users\/1"}],"replies":[{"embeddable":true,"href":"https:\/\/unionpourlavienne.fr\/Union_Vienne_2016\/wordpress\/wp-json\/wp\/v2\/comments?post=757"}],"version-history":[{"count":1,"href":"https:\/\/unionpourlavienne.fr\/Union_Vienne_2016\/wordpress\/wp-json\/wp\/v2\/posts\/757\/revisions"}],"predecessor-version":[{"id":758,"href":"https:\/\/unionpourlavienne.fr\/Union_Vienne_2016\/wordpress\/wp-json\/wp\/v2\/posts\/757\/revisions\/758"}],"wp:attachment":[{"href":"https:\/\/unionpourlavienne.fr\/Union_Vienne_2016\/wordpress\/wp-json\/wp\/v2\/media?parent=757"}],"wp:term":[{"taxonomy":"category","embeddable":true,"href":"https:\/\/unionpourlavienne.fr\/Union_Vienne_2016\/wordpress\/wp-json\/wp\/v2\/categories?post=757"},{"taxonomy":"post_tag","embeddable":true,"href":"https:\/\/unionpourlavienne.fr\/Union_Vienne_2016\/wordpress\/wp-json\/wp\/v2\/tags?post=757"}],"curies":[{"name":"wp","href":"https:\/\/api.w.org\/{rel}","templated":true}]}}