{"id":794,"date":"2015-07-02T12:21:51","date_gmt":"2015-07-02T11:21:51","guid":{"rendered":"http:\/\/unionpourlavienne.fr\/Union_Vienne_2016\/wordpress\/?p=794"},"modified":"2017-04-07T15:03:22","modified_gmt":"2017-04-07T14:03:22","slug":"les-subventions-pour-le-canton-de-chatellerault-2-3","status":"publish","type":"post","link":"https:\/\/unionpourlavienne.fr\/Union_Vienne_2016\/wordpress\/les-subventions-pour-le-canton-de-chatellerault-2-3\/","title":{"rendered":"Les subventions pour le canton de Ch\u00e2tellerault-2"},"content":{"rendered":"<p>Val\u00e9rie DAUGE, Premi\u00e8re Vice-pr\u00e9sidente du Conseil D\u00e9partemental, et Alain PICHON, Vice-pr\u00e9sident, informent les habitants que les subventions accord\u00e9es par le Conseil D\u00e9partemental au b\u00e9n\u00e9fice des communes, associations et particuliers du canton Ch\u00e2tellerault 2 lors de la session de juillet 2015 se d\u00e9composent de la mani\u00e8re suivante\u00a0:<\/p>\n<ul>\n<li>15\u00a0000 \u20ac \u00a0\u00e0 la commune de Dang\u00e9 Saint romain\u00a0 dans le cadre de la r\u00e9partition des amendes de police pour l\u2019am\u00e9nagement de la route de Descartes;<\/li>\n<li>1 800 \u20ac \u00a0au coll\u00e8ge Jean Mac\u00e9 de Ch\u00e2tellerault au titre de l\u2019individualisation du programme de travaux de gros entretien , d\u2019\u00e9conomies d\u2019\u00e9nergie, de s\u00e9curit\u00e9 et d\u2019acquisition de biens d\u2019\u00e9quipement dans les coll\u00e8ges publics 2015;<\/li>\n<li>1 569 \u20ac \u00e0 la mairie \u00a0de Port de Piles pour l\u2019am\u00e9nagement de l\u2019espace vert devant la mairie ;<\/li>\n<li>7 642 \u20ac \u00e0 la commune de Saint-Christophe dans le cadre du PADC\u00a0 pour la r\u00e9habilitation d\u2019une ancienne classe en salle des associations\u00a0;<\/li>\n<li>8 000 \u20ac \u00e0 la commune de Saint R\u00e9my sur Creuse pour dans le cadre du PADC au titre du Fonds de Soutien et d\u2019Investissement D\u00e9partemental (FSID) pour l\u2019acquisition d\u2019une tondeuse autoport\u00e9e\u00a0;<\/li>\n<\/ul>\n<ul>\n<li>A la commune de V\u00e9ll\u00e8ches les subventions suivantes\u00a0:\n<ul>\n<li>9\u00a0439 \u20ac pour dans le cadre du PADC au titre du Fonds de Soutien et d\u2019Investissement D\u00e9partemental (FSID) pour l\u2019\u00e9laboration du PLU\u00a0;<\/li>\n<li>2\u00a0348 \u20ac pour les travaux d\u2019\u00e9clairage public\u00a0;<\/li>\n<li>13\u00a0485 \u20ac pour la r\u00e9fection de la boulangerie\u00a0;<\/li>\n<li>1 500 \u20ac de subvention de fonctionnement \u00e0 l\u2019association Handicap 2000 d\u2019Ingrandes;<\/li>\n<\/ul>\n<\/li>\n<\/ul>\n<ul>\n<li>Au CCAS de Ch\u00e2tellerault\u00a0:\n<ul>\n<li>900 \u20ac pour le projet s\u00e9niors en vacances 2015 dans le cadre du sch\u00e9ma de l\u2019autonomie 2015-2016\u00a0;<\/li>\n<li>12\u00a0190 \u20ac pour l\u2019action de pr\u00e9vention du point accueil de l\u2019\u00e9picerie sociale\u00a0;<\/li>\n<li>188\u00a0600 \u20ac pour l\u2019accompagnement social des b\u00e9n\u00e9ficiaires du RSA\u00a0;<\/li>\n<\/ul>\n<\/li>\n<\/ul>\n<ul>\n<li>1 200 \u20ac de subvention de fonctionnement pour l\u2019association Mouvement National Vie Libre\u00a0;<\/li>\n<li>300 \u20ac pour 3 personnes du canton pour l\u2019installation d\u2019un kit d\u2019acc\u00e8s \u00e0 Internet Haut-D\u00e9bit par satellite\u00a0;<\/li>\n<li>12\u00a0886 \u20ac \u00e0 la commune de Buxeuil pour les travaux de mise en s\u00e9curit\u00e9 du centre bourg\u00a0: rue Ren\u00e9 de Buxeuil\u00a0;<\/li>\n<li>700 \u20ac au \u00ab\u00a0Gazelles d\u2019Antran\u00a0\u00bb pour l\u2019organisation du trail de \u00ab\u00a0la Rose\u00a0\u00bb qui aura lieu le 29 novembre prochain\u00a0;<\/li>\n<li>160 \u20ac \u00e0 l\u2019association du Judo Club d\u2019Ingrandes dans le cadre du dispositif Integra\u2019Sport\u00a0;<\/li>\n<li>53\u00a0870 \u20ac \u00e0 la mission locale Nord Vienne pour l\u2019accompagnement dans l\u2019emploi\u00a0;<\/li>\n<li>1\u00a0000 \u20ac \u00e0 la MJC des Renardi\u00e8res pour le chantier \u00e9cole 18-25 ans, pour le contrat Ville de Ch\u00e2tellerault\u00a0;<\/li>\n<\/ul>\n<ul>\n<li>A Emploi-Pluri-Services de Saint-Gervais les Trois Cochers les subventions suivantes\u00a0:\n<ul>\n<li>25\u00a0800 \u20ac pourl\u2019 association interm\u00e9diaire\u00a0;<\/li>\n<li>13\u00a0900 \u20ac pour le chantier d\u2019insertion\u00a0;<\/li>\n<\/ul>\n<\/li>\n<\/ul>\n<ul>\n<li>7\u00a0000 \u20ac \u00e0 l\u2019association Envie 2 E Poitou-Charentes pour les entreprises d\u2019insertion\u00a0;<\/li>\n<li>6\u00a0340 \u20ac \u00e0 la Maison Pour Tous au titre du contrat ville de Ch\u00e2tellerault\u00a0;<\/li>\n<\/ul>\n<p>&nbsp;<\/p>\n","protected":false},"excerpt":{"rendered":"<p>Val\u00e9rie DAUGE, Premi\u00e8re Vice-pr\u00e9sidente du Conseil D\u00e9partemental, et Alain PICHON, Vice-pr\u00e9sident, informent les habitants que les subventions accord\u00e9es par le<\/p>\n","protected":false},"author":1,"featured_media":0,"comment_status":"closed","ping_status":"open","sticky":false,"template":"","format":"standard","meta":[],"categories":[86,92],"tags":[14,40],"_links":{"self":[{"href":"https:\/\/unionpourlavienne.fr\/Union_Vienne_2016\/wordpress\/wp-json\/wp\/v2\/posts\/794"}],"collection":[{"href":"https:\/\/unionpourlavienne.fr\/Union_Vienne_2016\/wordpress\/wp-json\/wp\/v2\/posts"}],"about":[{"href":"https:\/\/unionpourlavienne.fr\/Union_Vienne_2016\/wordpress\/wp-json\/wp\/v2\/types\/post"}],"author":[{"embeddable":true,"href":"https:\/\/unionpourlavienne.fr\/Union_Vienne_2016\/wordpress\/wp-json\/wp\/v2\/users\/1"}],"replies":[{"embeddable":true,"href":"https:\/\/unionpourlavienne.fr\/Union_Vienne_2016\/wordpress\/wp-json\/wp\/v2\/comments?post=794"}],"version-history":[{"count":1,"href":"https:\/\/unionpourlavienne.fr\/Union_Vienne_2016\/wordpress\/wp-json\/wp\/v2\/posts\/794\/revisions"}],"predecessor-version":[{"id":795,"href":"https:\/\/unionpourlavienne.fr\/Union_Vienne_2016\/wordpress\/wp-json\/wp\/v2\/posts\/794\/revisions\/795"}],"wp:attachment":[{"href":"https:\/\/unionpourlavienne.fr\/Union_Vienne_2016\/wordpress\/wp-json\/wp\/v2\/media?parent=794"}],"wp:term":[{"taxonomy":"category","embeddable":true,"href":"https:\/\/unionpourlavienne.fr\/Union_Vienne_2016\/wordpress\/wp-json\/wp\/v2\/categories?post=794"},{"taxonomy":"post_tag","embeddable":true,"href":"https:\/\/unionpourlavienne.fr\/Union_Vienne_2016\/wordpress\/wp-json\/wp\/v2\/tags?post=794"}],"curies":[{"name":"wp","href":"https:\/\/api.w.org\/{rel}","templated":true}]}}